{"id":194,"date":"2023-06-30T16:04:17","date_gmt":"2023-06-30T19:04:17","guid":{"rendered":"https:\/\/www.realdressadores.com.br\/blog\/?p=194"},"modified":"2023-06-30T16:14:04","modified_gmt":"2023-06-30T19:14:04","slug":"ferramenta-para-plaina-de-cabecote-aprenda-mais-sobre-o-tema","status":"publish","type":"post","link":"https:\/\/www.realdressadores.com.br\/blog\/ferramenta-para-plaina-de-cabecote\/ferramenta-para-plaina-de-cabecote-aprenda-mais-sobre-o-tema\/","title":{"rendered":"Ferramenta para plaina de cabe\u00e7ote: aprenda mais sobre o tema"},"content":{"rendered":"<span class=\"span-reading-time rt-reading-time\" style=\"display: block;\"><span class=\"rt-label rt-prefix\">Tempo de leitura: <\/span> <span class=\"rt-time\"> 2<\/span> <span class=\"rt-label rt-postfix\">minutos<\/span><\/span>\n<p>A ferramenta de plaina de cabe\u00e7ote \u00e9 indispens\u00e1vel para opera\u00e7\u00f5es em diversos segmentos, especialmente em setores voltados para a fabrica\u00e7\u00e3o de produtos. Justamente por isso, o padr\u00e3o de qualidade dos itens utilizados nesse sentido deve ser extremamente alto.&nbsp;<\/p>\n\n\n\n<p>Visando explicar isso de maneira mais completa e detalhada, compilamos e apresentamos, a seguir, alguns dos principais pontos nesse sentido. Al\u00e9m disso, no fim do texto, indicamos os motivos que fazem da <a href=\"https:\/\/www.realdressadores.com.br\/\" target=\"_blank\" rel=\"noreferrer noopener\">Real Dressadores<\/a> a melhor solu\u00e7\u00e3o do meio. Veja!<\/p>\n\n\n\n<div id=\"ez-toc-container\" class=\"ez-toc-v2_0_74 counter-hierarchy ez-toc-counter ez-toc-grey ez-toc-container-direction\">\n<div class=\"ez-toc-title-container\">\n<p class=\"ez-toc-title\" style=\"cursor:inherit\">O que abordaremos neste artigo:<\/p>\n<span class=\"ez-toc-title-toggle\"><a href=\"#\" class=\"ez-toc-pull-right ez-toc-btn ez-toc-btn-xs ez-toc-btn-default ez-toc-toggle\" aria-label=\"Alternar tabela de conte\u00fado\"><span class=\"ez-toc-js-icon-con\"><span class=\"\"><span class=\"eztoc-hide\" style=\"display:none;\">Toggle<\/span><span class=\"ez-toc-icon-toggle-span\"><svg style=\"fill: #999;color:#999\" xmlns=\"http:\/\/www.w3.org\/2000\/svg\" class=\"list-377408\" width=\"20px\" height=\"20px\" viewBox=\"0 0 24 24\" fill=\"none\"><path d=\"M6 6H4v2h2V6zm14 0H8v2h12V6zM4 11h2v2H4v-2zm16 0H8v2h12v-2zM4 16h2v2H4v-2zm16 0H8v2h12v-2z\" fill=\"currentColor\"><\/path><\/svg><svg style=\"fill: #999;color:#999\" class=\"arrow-unsorted-368013\" xmlns=\"http:\/\/www.w3.org\/2000\/svg\" width=\"10px\" height=\"10px\" viewBox=\"0 0 24 24\" version=\"1.2\" baseProfile=\"tiny\"><path d=\"M18.2 9.3l-6.2-6.3-6.2 6.3c-.2.2-.3.4-.3.7s.1.5.3.7c.2.2.4.3.7.3h11c.3 0 .5-.1.7-.3.2-.2.3-.5.3-.7s-.1-.5-.3-.7zM5.8 14.7l6.2 6.3 6.2-6.3c.2-.2.3-.5.3-.7s-.1-.5-.3-.7c-.2-.2-.4-.3-.7-.3h-11c-.3 0-.5.1-.7.3-.2.2-.3.5-.3.7s.1.5.3.7z\"\/><\/svg><\/span><\/span><\/span><\/a><\/span><\/div>\n<nav><ul class='ez-toc-list ez-toc-list-level-1 ' ><li class='ez-toc-page-1 ez-toc-heading-level-2'><a class=\"ez-toc-link ez-toc-heading-1\" href=\"https:\/\/www.realdressadores.com.br\/blog\/ferramenta-para-plaina-de-cabecote\/ferramenta-para-plaina-de-cabecote-aprenda-mais-sobre-o-tema\/#Aprenda_mais_sobre_ferramenta_para_plaina_de_cabecote\" >Aprenda mais sobre ferramenta para plaina de cabe\u00e7ote&nbsp;<\/a><ul class='ez-toc-list-level-3' ><li class='ez-toc-heading-level-3'><a class=\"ez-toc-link ez-toc-heading-2\" href=\"https:\/\/www.realdressadores.com.br\/blog\/ferramenta-para-plaina-de-cabecote\/ferramenta-para-plaina-de-cabecote-aprenda-mais-sobre-o-tema\/#Como_escolher_o_modelo_certo\" >Como escolher o modelo certo?&nbsp;<\/a><ul class='ez-toc-list-level-5' ><li class='ez-toc-heading-level-5'><ul class='ez-toc-list-level-5' ><li class='ez-toc-heading-level-5'><a class=\"ez-toc-link ez-toc-heading-3\" href=\"https:\/\/www.realdressadores.com.br\/blog\/ferramenta-para-plaina-de-cabecote\/ferramenta-para-plaina-de-cabecote-aprenda-mais-sobre-o-tema\/#E_mais\" >E mais!<\/a><\/li><\/ul><\/li><li class='ez-toc-page-1 ez-toc-heading-level-4'><a class=\"ez-toc-link ez-toc-heading-4\" href=\"https:\/\/www.realdressadores.com.br\/blog\/ferramenta-para-plaina-de-cabecote\/ferramenta-para-plaina-de-cabecote-aprenda-mais-sobre-o-tema\/#Onde_comprar_ferramenta_para_plaina_de_cabecote\" >Onde comprar ferramenta para plaina de cabe\u00e7ote?<\/a><\/li><\/ul><\/li><\/ul><\/li><\/ul><\/nav><\/div>\n<h2 class=\"wp-block-heading\"><span class=\"ez-toc-section\" id=\"Aprenda_mais_sobre_ferramenta_para_plaina_de_cabecote\"><\/span>Aprenda mais sobre ferramenta para plaina de cabe\u00e7ote&nbsp;<span class=\"ez-toc-section-end\"><\/span><\/h2>\n\n\n\n<p>A plaina de cabe\u00e7ote \u00e9 um objeto caracterizado principalmente pela resist\u00eancia. Portanto, sua fabrica\u00e7\u00e3o precisa ocorrer por meio de elementos que atendam a esses pontos. Nesse caso, \u00e9 utilizado o policristalino de diamante, um composto que combina dureza, abrasividade e resist\u00eancia de diamantes policristalinos em diferenciadas aplica\u00e7\u00f5es.<\/p>\n\n\n\n<p>Tendem a ser \u00fateis para alguns padr\u00f5es de desbaste e, ainda, para a realiza\u00e7\u00e3o de acabamentos nos quais a rugosidade baixa e espelhamento s\u00e3o necess\u00e1rios. Dessa forma, atende a necessidades bastante amplas nesse sentido.\u00a0<\/p>\n\n\n\n<ul class=\"wp-block-list\">\n<li>Leia tamb\u00e9m: <em><a href=\"https:\/\/www.realdressadores.com.br\/blog\/2023\/06\/16\/penetrador-de-durometro-tudo-que-voce-precisa-saber\/\" target=\"_blank\" rel=\"noreferrer noopener\">Penetrador de dur\u00f4metro: tudo que voc\u00ea precisa saber<\/a><\/em><\/li>\n\n\n\n<li>Leia tamb\u00e9m: <em><a href=\"https:\/\/www.realdressadores.com.br\/blog\/2023\/06\/02\/pasta-diamantada-para-polimento-de-vidro-conheca-cada-variacao\/\" target=\"_blank\" rel=\"noreferrer noopener\">Pasta diamantada para polimento de vidro: conhe\u00e7a cada varia\u00e7\u00e3o<\/a><\/em><\/li>\n<\/ul>\n\n\n\n<p>Na pr\u00e1tica, essa ferramenta \u00e9 ideal para o desbaste e para o acabamento em materiais n\u00e3o-ferrosos, oferecendo m\u00e1xima durabilidade e precis\u00e3o. Dessa forma, pode compor linhas de produ\u00e7\u00e3o muito diversas.&nbsp;<\/p>\n\n\n\n<h3 class=\"wp-block-heading\"><span class=\"ez-toc-section\" id=\"Como_escolher_o_modelo_certo\"><\/span>Como escolher o modelo certo?&nbsp;<span class=\"ez-toc-section-end\"><\/span><\/h3>\n\n\n\n<p>Esses itens est\u00e3o dispon\u00edveis em todos os tamanhos ISO, al\u00e9m de tamb\u00e9m poderem ser aplicados em hastes, insertos, prismas e suportes para eixos. Mais do que isso, podem ser solicitados sob medida, atendendo, assim, a dependas ainda mais espec\u00edficas.&nbsp;<\/p>\n\n\n\n<h5 class=\"wp-block-heading\"><span class=\"ez-toc-section\" id=\"E_mais\"><\/span>E mais!<span class=\"ez-toc-section-end\"><\/span><\/h5>\n\n\n\n<p>Todas as caracter\u00edsticas listadas acima fazem com que o policristalino de diamante possa ser utilizado tamb\u00e9m em outros setores. Entre eles, se destaca a ind\u00fastria automotiva, por meio de sua ades\u00e3o para compor cabe\u00e7otes, estes que seriam produzidos em ligas de alum\u00ednio.<\/p>\n\n\n\n<h4 class=\"wp-block-heading\"><span class=\"ez-toc-section\" id=\"Onde_comprar_ferramenta_para_plaina_de_cabecote\"><\/span>Onde comprar ferramenta para plaina de cabe\u00e7ote?<span class=\"ez-toc-section-end\"><\/span><\/h4>\n\n\n\n<p>A <a href=\"https:\/\/www.realdressadores.com.br\/\" target=\"_blank\" rel=\"noreferrer noopener\">Real Dressadores<\/a> pode ser apontada como uma das principais companhias para se investir em produtos do g\u00eanero. Afinal, a entidade fornece as melhores condi\u00e7\u00f5es para seus clientes, sempre com pre\u00e7os justos e \u00f3timas garantias.\u00a0<\/p>\n\n\n\n<p>Al\u00e9m disso, claro, a marca opera somente por meio da comercializa\u00e7\u00e3o de itens de alt\u00edssima qualidade. Portanto, \u00e9 confirmado que as solu\u00e7\u00f5es ofertadas nesse sentido podem ser indicadas como as melhores do g\u00eanero.&nbsp;<\/p>\n\n\n\n<p>Por isso, se estiver em busca de uma companhia para comprar ferramenta para plaina de cabe\u00e7ote, ou mesmo para comprar itens em policristalino de diamante, n\u00e3o perca mais tempo! <a href=\"https:\/\/www.realdressadores.com.br\/contato\" target=\"_blank\" rel=\"noreferrer noopener\">Entre em contato com a Real Dressadores e solicite um or\u00e7amento<\/a> especial para o seu projeto, e atue ao lado de uma das principais refer\u00eancias dessa \u00e1rea.\u00a0<\/p>\n\n\n<div class=\"wp-block-image\">\n<figure class=\"aligncenter size-full\"><a href=\"https:\/\/www.realdressadores.com.br\/contato\" target=\"_blank\" rel=\"noreferrer noopener\"><img decoding=\"async\" src=\"https:\/\/www.realdressadores.com.br\/blog\/wp-content\/uploads\/2023\/02\/CTA_-26.gif\" alt=\"\" class=\"wp-image-153\"\/><\/a><\/figure>\n<\/div>","protected":false},"excerpt":{"rendered":"<p>A ferramenta de plaina de cabe\u00e7ote \u00e9 indispens\u00e1vel para opera\u00e7\u00f5es em diversos segmentos, especialmente em setores voltados para a fabrica\u00e7\u00e3o de produtos. Justamente por isso, o padr\u00e3o de qualidade dos itens utilizados nesse sentido deve ser extremamente alto.&nbsp; Visando explicar isso de maneira mais completa e detalhada, compilamos e apresentamos, a seguir, alguns dos principais &hellip; <\/p>\n","protected":false},"author":1,"featured_media":195,"comment_status":"open","ping_status":"open","sticky":false,"template":"","format":"standard","meta":{"footnotes":""},"categories":[1179],"tags":[1260,1262,1261,1266,1263,1265,1264,1267,1269,1268,1273,1270,1272,1271,1274,1276,1275,1280,1277,1279,1278,1281,1283,1282,1287,1284,1286,1285,1232,1246,1248,1247,1252,1249,1251,1250,1234,1233,1238,1235,1237,1236,1239,1253,1255,1254,1259,1256,1258,1257,1241,1240,1245,1242,1244,1243,1204,1206,1205,1210,1207,1209,1208,1211,1213,1212,1217,1214,1216,1215,1218,1220,1219,1224,1221,1223,1222,1225,1227,1226,1231,1228,1230,1229,1180,168,170,169,1196,172,1195,1194,1182,1181,1186,1183,1185,1184,1187,1197,1199,1198,1203,1200,1202,1201,1189,1188,1193,1190,1192,1191,51],"class_list":["post-194","post","type-post","status-publish","format-standard","has-post-thumbnail","hentry","category-ferramenta-para-plaina-de-cabecote","tag-comprar-ferramenta-para-plaina-de-cabecote","tag-comprar-ferramenta-para-plaina-de-cabecote-em-sao-paulo","tag-comprar-ferramenta-para-plaina-de-cabecote-em-sp","tag-comprar-ferramenta-para-plaina-de-cabecote-na-cidade-lider","tag-comprar-ferramenta-para-plaina-de-cabecote-na-zona-leste","tag-comprar-ferramenta-para-plaina-de-cabecote-na-zona-leste-de-sao-paulo","tag-comprar-ferramenta-para-plaina-de-cabecote-na-zona-leste-de-sp","tag-comprar-ferramenta-para-plainas-de-cabecote","tag-comprar-ferramenta-para-plainas-de-cabecote-em-sao-paulo","tag-comprar-ferramenta-para-plainas-de-cabecote-em-sp","tag-comprar-ferramenta-para-plainas-de-cabecote-na-cidade-lider","tag-comprar-ferramenta-para-plainas-de-cabecote-na-zona-leste","tag-comprar-ferramenta-para-plainas-de-cabecote-na-zona-leste-de-sao-paulo","tag-comprar-ferramenta-para-plainas-de-cabecote-na-zona-leste-de-sp","tag-comprar-ferramentas-para-plaina-de-cabecote","tag-comprar-ferramentas-para-plaina-de-cabecote-em-sao-paulo","tag-comprar-ferramentas-para-plaina-de-cabecote-em-sp","tag-comprar-ferramentas-para-plaina-de-cabecote-na-cidade-lider","tag-comprar-ferramentas-para-plaina-de-cabecote-na-zona-leste","tag-comprar-ferramentas-para-plaina-de-cabecote-na-zona-leste-de-sao-paulo","tag-comprar-ferramentas-para-plaina-de-cabecote-na-zona-leste-de-sp","tag-comprar-ferramentas-para-plainas-de-cabecote","tag-comprar-ferramentas-para-plainas-de-cabecote-em-sao-paulo","tag-comprar-ferramentas-para-plainas-de-cabecote-em-sp","tag-comprar-ferramentas-para-plainas-de-cabecote-na-cidade-lider","tag-comprar-ferramentas-para-plainas-de-cabecote-na-zona-leste","tag-comprar-ferramentas-para-plainas-de-cabecote-na-zona-leste-de-sao-paulo","tag-comprar-ferramentas-para-plainas-de-cabecote-na-zona-leste-de-sp","tag-comprar-plaina","tag-comprar-plaina-de-cabecote","tag-comprar-plaina-de-cabecote-em-sao-paulo","tag-comprar-plaina-de-cabecote-em-sp","tag-comprar-plaina-de-cabecote-na-cidade-lider","tag-comprar-plaina-de-cabecote-na-zona-leste","tag-comprar-plaina-de-cabecote-na-zona-leste-de-sao-paulo","tag-comprar-plaina-de-cabecote-na-zona-leste-de-sp","tag-comprar-plaina-em-sao-paulo","tag-comprar-plaina-em-sp","tag-comprar-plaina-na-cidade-lider","tag-comprar-plaina-na-zona-leste","tag-comprar-plaina-na-zona-leste-de-sao-paulo","tag-comprar-plaina-na-zona-leste-de-sp","tag-comprar-plainas","tag-comprar-plainas-de-cabecote","tag-comprar-plainas-de-cabecote-em-sao-paulo","tag-comprar-plainas-de-cabecote-em-sp","tag-comprar-plainas-de-cabecote-na-cidade-lider","tag-comprar-plainas-de-cabecote-na-zona-leste","tag-comprar-plainas-de-cabecote-na-zona-leste-de-sao-paulo","tag-comprar-plainas-de-cabecote-na-zona-leste-de-sp","tag-comprar-plainas-em-sao-paulo","tag-comprar-plainas-em-sp","tag-comprar-plainas-na-cidade-lider","tag-comprar-plainas-na-zona-leste","tag-comprar-plainas-na-zona-leste-de-sao-paulo","tag-comprar-plainas-na-zona-leste-de-sp","tag-ferramenta-para-plaina-de-cabecote","tag-ferramenta-para-plaina-de-cabecote-em-sao-paulo","tag-ferramenta-para-plaina-de-cabecote-em-sp","tag-ferramenta-para-plaina-de-cabecote-na-cidade-lider","tag-ferramenta-para-plaina-de-cabecote-na-zona-leste","tag-ferramenta-para-plaina-de-cabecote-na-zona-leste-de-sao-paulo","tag-ferramenta-para-plaina-de-cabecote-na-zona-leste-de-sp","tag-ferramenta-para-plainas-de-cabecote","tag-ferramenta-para-plainas-de-cabecote-em-sao-paulo","tag-ferramenta-para-plainas-de-cabecote-em-sp","tag-ferramenta-para-plainas-de-cabecote-na-cidade-lider","tag-ferramenta-para-plainas-de-cabecote-na-zona-leste","tag-ferramenta-para-plainas-de-cabecote-na-zona-leste-de-sao-paulo","tag-ferramenta-para-plainas-de-cabecote-na-zona-leste-de-sp","tag-ferramentas-para-plaina-de-cabecote","tag-ferramentas-para-plaina-de-cabecote-em-sao-paulo","tag-ferramentas-para-plaina-de-cabecote-em-sp","tag-ferramentas-para-plaina-de-cabecote-na-cidade-lider","tag-ferramentas-para-plaina-de-cabecote-na-zona-leste","tag-ferramentas-para-plaina-de-cabecote-na-zona-leste-de-sao-paulo","tag-ferramentas-para-plaina-de-cabecote-na-zona-leste-de-sp","tag-ferramentas-para-plainas-de-cabecote","tag-ferramentas-para-plainas-de-cabecote-em-sao-paulo","tag-ferramentas-para-plainas-de-cabecote-em-sp","tag-ferramentas-para-plainas-de-cabecote-na-cidade-lider","tag-ferramentas-para-plainas-de-cabecote-na-zona-leste","tag-ferramentas-para-plainas-de-cabecote-na-zona-leste-de-sao-paulo","tag-ferramentas-para-plainas-de-cabecote-na-zona-leste-de-sp","tag-plaina","tag-plaina-de-cabecote","tag-plaina-de-cabecote-em-sao-paulo","tag-plaina-de-cabecote-em-sp","tag-plaina-de-cabecote-na-cidade-lider","tag-plaina-de-cabecote-na-zona-leste","tag-plaina-de-cabecote-na-zona-leste-de-sao-paulo","tag-plaina-de-cabecote-na-zona-leste-de-sp","tag-plaina-em-sao-paulo","tag-plaina-em-sp","tag-plaina-na-cidade-lider","tag-plaina-na-zona-leste","tag-plaina-na-zona-leste-de-sao-paulo","tag-plaina-na-zona-leste-de-sp","tag-plainas","tag-plainas-de-cabecote","tag-plainas-de-cabecote-em-sao-paulo","tag-plainas-de-cabecote-em-sp","tag-plainas-de-cabecote-na-cidade-lider","tag-plainas-de-cabecote-na-zona-leste","tag-plainas-de-cabecote-na-zona-leste-de-sao-paulo","tag-plainas-de-cabecote-na-zona-leste-de-sp","tag-plainas-em-sao-paulo","tag-plainas-em-sp","tag-plainas-na-cidade-lider","tag-plainas-na-zona-leste","tag-plainas-na-zona-leste-de-sao-paulo","tag-plainas-na-zona-leste-de-sp","tag-real-dressadores","latest_post"],"yoast_head":"<!-- This site is optimized with the Yoast SEO plugin v25.3 - https:\/\/yoast.com\/wordpress\/plugins\/seo\/ -->\n<title>Ferramenta para plaina de cabe\u00e7ote: aprenda mais sobre o tema<\/title>\n<meta name=\"description\" content=\"Aprenda mais sobre ferramenta para plaina de cabe\u00e7ote e veja o que faz da Real Dressadores a melhor fornecedora do meio.\" \/>\n<meta name=\"robots\" content=\"index, follow, max-snippet:-1, max-image-preview:large, max-video-preview:-1\" \/>\n<link rel=\"canonical\" href=\"https:\/\/www.realdressadores.com.br\/blog\/ferramenta-para-plaina-de-cabecote\/ferramenta-para-plaina-de-cabecote-aprenda-mais-sobre-o-tema\/\" \/>\n<meta property=\"og:locale\" content=\"pt_BR\" \/>\n<meta property=\"og:type\" content=\"article\" \/>\n<meta property=\"og:title\" content=\"Ferramenta para plaina de cabe\u00e7ote: aprenda mais sobre o tema\" \/>\n<meta property=\"og:description\" content=\"Aprenda mais sobre ferramenta para plaina de cabe\u00e7ote e veja o que faz da Real Dressadores a melhor fornecedora do meio.\" \/>\n<meta property=\"og:url\" content=\"https:\/\/www.realdressadores.com.br\/blog\/ferramenta-para-plaina-de-cabecote\/ferramenta-para-plaina-de-cabecote-aprenda-mais-sobre-o-tema\/\" \/>\n<meta property=\"og:site_name\" content=\"Real Dressadores\" \/>\n<meta property=\"article:published_time\" content=\"2023-06-30T19:04:17+00:00\" \/>\n<meta property=\"article:modified_time\" content=\"2023-06-30T19:14:04+00:00\" \/>\n<meta property=\"og:image\" content=\"https:\/\/www.realdressadores.com.br\/blog\/wp-content\/uploads\/2023\/06\/Modelo_-46.jpg\" \/>\n\t<meta property=\"og:image:width\" content=\"515\" \/>\n\t<meta property=\"og:image:height\" content=\"367\" \/>\n\t<meta property=\"og:image:type\" content=\"image\/jpeg\" \/>\n<meta name=\"author\" content=\"admin\" \/>\n<meta name=\"twitter:card\" content=\"summary_large_image\" \/>\n<meta name=\"twitter:label1\" content=\"Escrito por\" \/>\n\t<meta name=\"twitter:data1\" content=\"admin\" \/>\n\t<meta name=\"twitter:label2\" content=\"Est. tempo de leitura\" \/>\n\t<meta name=\"twitter:data2\" content=\"3 minutos\" \/>\n<script type=\"application\/ld+json\" class=\"yoast-schema-graph\">{\"@context\":\"https:\/\/schema.org\",\"@graph\":[{\"@type\":\"Article\",\"@id\":\"https:\/\/www.realdressadores.com.br\/blog\/ferramenta-para-plaina-de-cabecote\/ferramenta-para-plaina-de-cabecote-aprenda-mais-sobre-o-tema\/#article\",\"isPartOf\":{\"@id\":\"https:\/\/www.realdressadores.com.br\/blog\/ferramenta-para-plaina-de-cabecote\/ferramenta-para-plaina-de-cabecote-aprenda-mais-sobre-o-tema\/\"},\"author\":{\"name\":\"admin\",\"@id\":\"https:\/\/www.realdressadores.com.br\/blog\/#\/schema\/person\/937c767a7ffa6a399f5417eff4a6b83c\"},\"headline\":\"Ferramenta para plaina de cabe\u00e7ote: aprenda mais sobre o tema\",\"datePublished\":\"2023-06-30T19:04:17+00:00\",\"dateModified\":\"2023-06-30T19:14:04+00:00\",\"mainEntityOfPage\":{\"@id\":\"https:\/\/www.realdressadores.com.br\/blog\/ferramenta-para-plaina-de-cabecote\/ferramenta-para-plaina-de-cabecote-aprenda-mais-sobre-o-tema\/\"},\"wordCount\":500,\"commentCount\":0,\"publisher\":{\"@id\":\"https:\/\/www.realdressadores.com.br\/blog\/#organization\"},\"image\":{\"@id\":\"https:\/\/www.realdressadores.com.br\/blog\/ferramenta-para-plaina-de-cabecote\/ferramenta-para-plaina-de-cabecote-aprenda-mais-sobre-o-tema\/#primaryimage\"},\"thumbnailUrl\":\"https:\/\/www.realdressadores.com.br\/blog\/wp-content\/uploads\/2023\/06\/Modelo_-46.jpg\",\"keywords\":[\"Comprar ferramenta para plaina de cabe\u00e7ote\",\"Comprar ferramenta para plaina de cabe\u00e7ote em S\u00e3o Paulo\",\"Comprar ferramenta para plaina de cabe\u00e7ote em SP\",\"Comprar ferramenta para plaina de cabe\u00e7ote na Cidade L\u00edder\",\"Comprar ferramenta para plaina de cabe\u00e7ote na zona leste\",\"Comprar ferramenta para plaina de cabe\u00e7ote na zona leste de S\u00e3o Paulo\",\"Comprar ferramenta para plaina de cabe\u00e7ote na zona leste de SP\",\"Comprar ferramenta para plainas de cabe\u00e7ote\",\"Comprar ferramenta para plainas de cabe\u00e7ote em S\u00e3o Paulo\",\"Comprar ferramenta para plainas de cabe\u00e7ote em SP\",\"Comprar ferramenta para plainas de cabe\u00e7ote na Cidade L\u00edder\",\"Comprar ferramenta para plainas de cabe\u00e7ote na zona leste\",\"Comprar ferramenta para plainas de cabe\u00e7ote na zona leste de S\u00e3o Paulo\",\"Comprar ferramenta para plainas de cabe\u00e7ote na zona leste de SP\",\"Comprar ferramentas para plaina de cabe\u00e7ote\",\"Comprar ferramentas para plaina de cabe\u00e7ote em S\u00e3o Paulo\",\"Comprar ferramentas para plaina de cabe\u00e7ote em SP\",\"Comprar ferramentas para plaina de cabe\u00e7ote na Cidade L\u00edder\",\"Comprar ferramentas para plaina de cabe\u00e7ote na zona leste\",\"Comprar ferramentas para plaina de cabe\u00e7ote na zona leste de S\u00e3o Paulo\",\"Comprar ferramentas para plaina de cabe\u00e7ote na zona leste de SP\",\"Comprar ferramentas para plainas de cabe\u00e7ote\",\"Comprar ferramentas para plainas de cabe\u00e7ote em S\u00e3o Paulo\",\"Comprar ferramentas para plainas de cabe\u00e7ote em SP\",\"Comprar ferramentas para plainas de cabe\u00e7ote na Cidade L\u00edder\",\"Comprar ferramentas para plainas de cabe\u00e7ote na zona leste\",\"Comprar ferramentas para plainas de cabe\u00e7ote na zona leste de S\u00e3o Paulo\",\"Comprar ferramentas para plainas de cabe\u00e7ote na zona leste de SP\",\"Comprar plaina\",\"Comprar plaina de cabe\u00e7ote\",\"Comprar plaina de cabe\u00e7ote em S\u00e3o Paulo\",\"Comprar plaina de cabe\u00e7ote em SP\",\"Comprar plaina de cabe\u00e7ote na Cidade L\u00edder\",\"Comprar plaina de cabe\u00e7ote na zona leste\",\"Comprar plaina de cabe\u00e7ote na zona leste de S\u00e3o Paulo\",\"Comprar plaina de cabe\u00e7ote na zona leste de SP\",\"Comprar plaina em S\u00e3o Paulo\",\"Comprar plaina em SP\",\"Comprar plaina na Cidade L\u00edder\",\"Comprar plaina na zona leste\",\"Comprar plaina na zona leste de S\u00e3o Paulo\",\"Comprar plaina na zona leste de SP\",\"Comprar plainas\",\"Comprar plainas de cabe\u00e7ote\",\"Comprar plainas de cabe\u00e7ote em S\u00e3o Paulo\",\"Comprar plainas de cabe\u00e7ote em SP\",\"Comprar plainas de cabe\u00e7ote na Cidade L\u00edder\",\"Comprar plainas de cabe\u00e7ote na zona leste\",\"Comprar plainas de cabe\u00e7ote na zona leste de S\u00e3o Paulo\",\"Comprar plainas de cabe\u00e7ote na zona leste de SP\",\"Comprar plainas em S\u00e3o Paulo\",\"Comprar plainas em SP\",\"Comprar plainas na Cidade L\u00edder\",\"Comprar plainas na zona leste\",\"Comprar plainas na zona leste de S\u00e3o Paulo\",\"Comprar plainas na zona leste de SP\",\"Ferramenta para plaina de cabe\u00e7ote\",\"Ferramenta para plaina de cabe\u00e7ote em S\u00e3o Paulo\",\"Ferramenta para plaina de cabe\u00e7ote em SP\",\"Ferramenta para plaina de cabe\u00e7ote na Cidade L\u00edder\",\"Ferramenta para plaina de cabe\u00e7ote na zona leste\",\"Ferramenta para plaina de cabe\u00e7ote na zona leste de S\u00e3o Paulo\",\"Ferramenta para plaina de cabe\u00e7ote na zona leste de SP\",\"Ferramenta para plainas de cabe\u00e7ote\",\"Ferramenta para plainas de cabe\u00e7ote em S\u00e3o Paulo\",\"Ferramenta para plainas de cabe\u00e7ote em SP\",\"Ferramenta para plainas de cabe\u00e7ote na Cidade L\u00edder\",\"Ferramenta para plainas de cabe\u00e7ote na zona leste\",\"Ferramenta para plainas de cabe\u00e7ote na zona leste de S\u00e3o Paulo\",\"Ferramenta para plainas de cabe\u00e7ote na zona leste de SP\",\"Ferramentas para plaina de cabe\u00e7ote\",\"Ferramentas para plaina de cabe\u00e7ote em S\u00e3o Paulo\",\"Ferramentas para plaina de cabe\u00e7ote em SP\",\"Ferramentas para plaina de cabe\u00e7ote na Cidade L\u00edder\",\"Ferramentas para plaina de cabe\u00e7ote na zona leste\",\"Ferramentas para plaina de cabe\u00e7ote na zona leste de S\u00e3o Paulo\",\"Ferramentas para plaina de cabe\u00e7ote na zona leste de SP\",\"Ferramentas para plainas de cabe\u00e7ote\",\"Ferramentas para plainas de cabe\u00e7ote em S\u00e3o Paulo\",\"Ferramentas para plainas de cabe\u00e7ote em SP\",\"Ferramentas para plainas de cabe\u00e7ote na Cidade L\u00edder\",\"Ferramentas para plainas de cabe\u00e7ote na zona leste\",\"Ferramentas para plainas de cabe\u00e7ote na zona leste de S\u00e3o Paulo\",\"Ferramentas para plainas de cabe\u00e7ote na zona leste de SP\",\"Plaina\",\"Plaina de cabe\u00e7ote\",\"Plaina de cabe\u00e7ote em S\u00e3o Paulo\",\"Plaina de cabe\u00e7ote em SP\",\"Plaina de cabe\u00e7ote na Cidade L\u00edder\",\"Plaina de cabe\u00e7ote na zona leste\",\"Plaina de cabe\u00e7ote na zona leste de S\u00e3o Paulo\",\"Plaina de cabe\u00e7ote na zona leste de SP\",\"Plaina em S\u00e3o Paulo\",\"Plaina em SP\",\"Plaina na Cidade L\u00edder\",\"Plaina na zona leste\",\"Plaina na zona leste de S\u00e3o Paulo\",\"Plaina na zona leste de SP\",\"Plainas\",\"Plainas de cabe\u00e7ote\",\"Plainas de cabe\u00e7ote em S\u00e3o Paulo\",\"Plainas de cabe\u00e7ote em SP\",\"Plainas de cabe\u00e7ote na Cidade L\u00edder\",\"Plainas de cabe\u00e7ote na zona leste\",\"Plainas de cabe\u00e7ote na zona leste de S\u00e3o Paulo\",\"Plainas de cabe\u00e7ote na zona leste de SP\",\"Plainas em S\u00e3o Paulo\",\"Plainas em SP\",\"Plainas na Cidade L\u00edder\",\"Plainas na zona leste\",\"Plainas na zona leste de S\u00e3o Paulo\",\"Plainas na zona leste de SP\",\"Real Dressadores\"],\"articleSection\":[\"Ferramenta para plaina de cabe\u00e7ote\"],\"inLanguage\":\"pt-BR\",\"potentialAction\":[{\"@type\":\"CommentAction\",\"name\":\"Comment\",\"target\":[\"https:\/\/www.realdressadores.com.br\/blog\/ferramenta-para-plaina-de-cabecote\/ferramenta-para-plaina-de-cabecote-aprenda-mais-sobre-o-tema\/#respond\"]}]},{\"@type\":\"WebPage\",\"@id\":\"https:\/\/www.realdressadores.com.br\/blog\/ferramenta-para-plaina-de-cabecote\/ferramenta-para-plaina-de-cabecote-aprenda-mais-sobre-o-tema\/\",\"url\":\"https:\/\/www.realdressadores.com.br\/blog\/ferramenta-para-plaina-de-cabecote\/ferramenta-para-plaina-de-cabecote-aprenda-mais-sobre-o-tema\/\",\"name\":\"Ferramenta para plaina de cabe\u00e7ote: aprenda mais sobre o tema\",\"isPartOf\":{\"@id\":\"https:\/\/www.realdressadores.com.br\/blog\/#website\"},\"primaryImageOfPage\":{\"@id\":\"https:\/\/www.realdressadores.com.br\/blog\/ferramenta-para-plaina-de-cabecote\/ferramenta-para-plaina-de-cabecote-aprenda-mais-sobre-o-tema\/#primaryimage\"},\"image\":{\"@id\":\"https:\/\/www.realdressadores.com.br\/blog\/ferramenta-para-plaina-de-cabecote\/ferramenta-para-plaina-de-cabecote-aprenda-mais-sobre-o-tema\/#primaryimage\"},\"thumbnailUrl\":\"https:\/\/www.realdressadores.com.br\/blog\/wp-content\/uploads\/2023\/06\/Modelo_-46.jpg\",\"datePublished\":\"2023-06-30T19:04:17+00:00\",\"dateModified\":\"2023-06-30T19:14:04+00:00\",\"description\":\"Aprenda mais sobre ferramenta para plaina de cabe\u00e7ote e veja o que faz da Real Dressadores a melhor fornecedora do meio.\",\"breadcrumb\":{\"@id\":\"https:\/\/www.realdressadores.com.br\/blog\/ferramenta-para-plaina-de-cabecote\/ferramenta-para-plaina-de-cabecote-aprenda-mais-sobre-o-tema\/#breadcrumb\"},\"inLanguage\":\"pt-BR\",\"potentialAction\":[{\"@type\":\"ReadAction\",\"target\":[\"https:\/\/www.realdressadores.com.br\/blog\/ferramenta-para-plaina-de-cabecote\/ferramenta-para-plaina-de-cabecote-aprenda-mais-sobre-o-tema\/\"]}]},{\"@type\":\"ImageObject\",\"inLanguage\":\"pt-BR\",\"@id\":\"https:\/\/www.realdressadores.com.br\/blog\/ferramenta-para-plaina-de-cabecote\/ferramenta-para-plaina-de-cabecote-aprenda-mais-sobre-o-tema\/#primaryimage\",\"url\":\"https:\/\/www.realdressadores.com.br\/blog\/wp-content\/uploads\/2023\/06\/Modelo_-46.jpg\",\"contentUrl\":\"https:\/\/www.realdressadores.com.br\/blog\/wp-content\/uploads\/2023\/06\/Modelo_-46.jpg\",\"width\":515,\"height\":367,\"caption\":\"Ferramenta para plaina de cabe\u00e7ote\"},{\"@type\":\"BreadcrumbList\",\"@id\":\"https:\/\/www.realdressadores.com.br\/blog\/ferramenta-para-plaina-de-cabecote\/ferramenta-para-plaina-de-cabecote-aprenda-mais-sobre-o-tema\/#breadcrumb\",\"itemListElement\":[{\"@type\":\"ListItem\",\"position\":1,\"name\":\"In\u00edcio\",\"item\":\"https:\/\/www.realdressadores.com.br\/blog\/\"},{\"@type\":\"ListItem\",\"position\":2,\"name\":\"Ferramenta para plaina de cabe\u00e7ote: aprenda mais sobre o tema\"}]},{\"@type\":\"WebSite\",\"@id\":\"https:\/\/www.realdressadores.com.br\/blog\/#website\",\"url\":\"https:\/\/www.realdressadores.com.br\/blog\/\",\"name\":\"Real Dressadores\",\"description\":\"Blog\",\"publisher\":{\"@id\":\"https:\/\/www.realdressadores.com.br\/blog\/#organization\"},\"potentialAction\":[{\"@type\":\"SearchAction\",\"target\":{\"@type\":\"EntryPoint\",\"urlTemplate\":\"https:\/\/www.realdressadores.com.br\/blog\/?s={search_term_string}\"},\"query-input\":{\"@type\":\"PropertyValueSpecification\",\"valueRequired\":true,\"valueName\":\"search_term_string\"}}],\"inLanguage\":\"pt-BR\"},{\"@type\":\"Organization\",\"@id\":\"https:\/\/www.realdressadores.com.br\/blog\/#organization\",\"name\":\"Real Dressadores\",\"url\":\"https:\/\/www.realdressadores.com.br\/blog\/\",\"logo\":{\"@type\":\"ImageObject\",\"inLanguage\":\"pt-BR\",\"@id\":\"https:\/\/www.realdressadores.com.br\/blog\/#\/schema\/logo\/image\/\",\"url\":\"https:\/\/www.realdressadores.com.br\/blog\/wp-content\/uploads\/2022\/02\/logo-real-dressadores.png\",\"contentUrl\":\"https:\/\/www.realdressadores.com.br\/blog\/wp-content\/uploads\/2022\/02\/logo-real-dressadores.png\",\"width\":160,\"height\":100,\"caption\":\"Real Dressadores\"},\"image\":{\"@id\":\"https:\/\/www.realdressadores.com.br\/blog\/#\/schema\/logo\/image\/\"}},{\"@type\":\"Person\",\"@id\":\"https:\/\/www.realdressadores.com.br\/blog\/#\/schema\/person\/937c767a7ffa6a399f5417eff4a6b83c\",\"name\":\"admin\",\"image\":{\"@type\":\"ImageObject\",\"inLanguage\":\"pt-BR\",\"@id\":\"https:\/\/www.realdressadores.com.br\/blog\/#\/schema\/person\/image\/\",\"url\":\"https:\/\/secure.gravatar.com\/avatar\/5259421c50b824b8ef6194b17b976560e60380c1fe5eede41fcac88a8e7bb549?s=96&d=mm&r=g\",\"contentUrl\":\"https:\/\/secure.gravatar.com\/avatar\/5259421c50b824b8ef6194b17b976560e60380c1fe5eede41fcac88a8e7bb549?s=96&d=mm&r=g\",\"caption\":\"admin\"},\"url\":\"https:\/\/www.realdressadores.com.br\/blog\/author\/admin\/\"}]}<\/script>\n<!-- \/ Yoast SEO plugin. -->","yoast_head_json":{"title":"Ferramenta para plaina de cabe\u00e7ote: aprenda mais sobre o tema","description":"Aprenda mais sobre ferramenta para plaina de cabe\u00e7ote e veja o que faz da Real Dressadores a melhor fornecedora do meio.","robots":{"index":"index","follow":"follow","max-snippet":"max-snippet:-1","max-image-preview":"max-image-preview:large","max-video-preview":"max-video-preview:-1"},"canonical":"https:\/\/www.realdressadores.com.br\/blog\/ferramenta-para-plaina-de-cabecote\/ferramenta-para-plaina-de-cabecote-aprenda-mais-sobre-o-tema\/","og_locale":"pt_BR","og_type":"article","og_title":"Ferramenta para plaina de cabe\u00e7ote: aprenda mais sobre o tema","og_description":"Aprenda mais sobre ferramenta para plaina de cabe\u00e7ote e veja o que faz da Real Dressadores a melhor fornecedora do meio.","og_url":"https:\/\/www.realdressadores.com.br\/blog\/ferramenta-para-plaina-de-cabecote\/ferramenta-para-plaina-de-cabecote-aprenda-mais-sobre-o-tema\/","og_site_name":"Real Dressadores","article_published_time":"2023-06-30T19:04:17+00:00","article_modified_time":"2023-06-30T19:14:04+00:00","og_image":[{"width":515,"height":367,"url":"https:\/\/www.realdressadores.com.br\/blog\/wp-content\/uploads\/2023\/06\/Modelo_-46.jpg","type":"image\/jpeg"}],"author":"admin","twitter_card":"summary_large_image","twitter_misc":{"Escrito por":"admin","Est. tempo de leitura":"3 minutos"},"schema":{"@context":"https:\/\/schema.org","@graph":[{"@type":"Article","@id":"https:\/\/www.realdressadores.com.br\/blog\/ferramenta-para-plaina-de-cabecote\/ferramenta-para-plaina-de-cabecote-aprenda-mais-sobre-o-tema\/#article","isPartOf":{"@id":"https:\/\/www.realdressadores.com.br\/blog\/ferramenta-para-plaina-de-cabecote\/ferramenta-para-plaina-de-cabecote-aprenda-mais-sobre-o-tema\/"},"author":{"name":"admin","@id":"https:\/\/www.realdressadores.com.br\/blog\/#\/schema\/person\/937c767a7ffa6a399f5417eff4a6b83c"},"headline":"Ferramenta para plaina de cabe\u00e7ote: aprenda mais sobre o tema","datePublished":"2023-06-30T19:04:17+00:00","dateModified":"2023-06-30T19:14:04+00:00","mainEntityOfPage":{"@id":"https:\/\/www.realdressadores.com.br\/blog\/ferramenta-para-plaina-de-cabecote\/ferramenta-para-plaina-de-cabecote-aprenda-mais-sobre-o-tema\/"},"wordCount":500,"commentCount":0,"publisher":{"@id":"https:\/\/www.realdressadores.com.br\/blog\/#organization"},"image":{"@id":"https:\/\/www.realdressadores.com.br\/blog\/ferramenta-para-plaina-de-cabecote\/ferramenta-para-plaina-de-cabecote-aprenda-mais-sobre-o-tema\/#primaryimage"},"thumbnailUrl":"https:\/\/www.realdressadores.com.br\/blog\/wp-content\/uploads\/2023\/06\/Modelo_-46.jpg","keywords":["Comprar ferramenta para plaina de cabe\u00e7ote","Comprar ferramenta para plaina de cabe\u00e7ote em S\u00e3o Paulo","Comprar ferramenta para plaina de cabe\u00e7ote em SP","Comprar ferramenta para plaina de cabe\u00e7ote na Cidade L\u00edder","Comprar ferramenta para plaina de cabe\u00e7ote na zona leste","Comprar ferramenta para plaina de cabe\u00e7ote na zona leste de S\u00e3o Paulo","Comprar ferramenta para plaina de cabe\u00e7ote na zona leste de SP","Comprar ferramenta para plainas de cabe\u00e7ote","Comprar ferramenta para plainas de cabe\u00e7ote em S\u00e3o Paulo","Comprar ferramenta para plainas de cabe\u00e7ote em SP","Comprar ferramenta para plainas de cabe\u00e7ote na Cidade L\u00edder","Comprar ferramenta para plainas de cabe\u00e7ote na zona leste","Comprar ferramenta para plainas de cabe\u00e7ote na zona leste de S\u00e3o Paulo","Comprar ferramenta para plainas de cabe\u00e7ote na zona leste de SP","Comprar ferramentas para plaina de cabe\u00e7ote","Comprar ferramentas para plaina de cabe\u00e7ote em S\u00e3o Paulo","Comprar ferramentas para plaina de cabe\u00e7ote em SP","Comprar ferramentas para plaina de cabe\u00e7ote na Cidade L\u00edder","Comprar ferramentas para plaina de cabe\u00e7ote na zona leste","Comprar ferramentas para plaina de cabe\u00e7ote na zona leste de S\u00e3o Paulo","Comprar ferramentas para plaina de cabe\u00e7ote na zona leste de SP","Comprar ferramentas para plainas de cabe\u00e7ote","Comprar ferramentas para plainas de cabe\u00e7ote em S\u00e3o Paulo","Comprar ferramentas para plainas de cabe\u00e7ote em SP","Comprar ferramentas para plainas de cabe\u00e7ote na Cidade L\u00edder","Comprar ferramentas para plainas de cabe\u00e7ote na zona leste","Comprar ferramentas para plainas de cabe\u00e7ote na zona leste de S\u00e3o Paulo","Comprar ferramentas para plainas de cabe\u00e7ote na zona leste de SP","Comprar plaina","Comprar plaina de cabe\u00e7ote","Comprar plaina de cabe\u00e7ote em S\u00e3o Paulo","Comprar plaina de cabe\u00e7ote em SP","Comprar plaina de cabe\u00e7ote na Cidade L\u00edder","Comprar plaina de cabe\u00e7ote na zona leste","Comprar plaina de cabe\u00e7ote na zona leste de S\u00e3o Paulo","Comprar plaina de cabe\u00e7ote na zona leste de SP","Comprar plaina em S\u00e3o Paulo","Comprar plaina em SP","Comprar plaina na Cidade L\u00edder","Comprar plaina na zona leste","Comprar plaina na zona leste de S\u00e3o Paulo","Comprar plaina na zona leste de SP","Comprar plainas","Comprar plainas de cabe\u00e7ote","Comprar plainas de cabe\u00e7ote em S\u00e3o Paulo","Comprar plainas de cabe\u00e7ote em SP","Comprar plainas de cabe\u00e7ote na Cidade L\u00edder","Comprar plainas de cabe\u00e7ote na zona leste","Comprar plainas de cabe\u00e7ote na zona leste de S\u00e3o Paulo","Comprar plainas de cabe\u00e7ote na zona leste de SP","Comprar plainas em S\u00e3o Paulo","Comprar plainas em SP","Comprar plainas na Cidade L\u00edder","Comprar plainas na zona leste","Comprar plainas na zona leste de S\u00e3o Paulo","Comprar plainas na zona leste de SP","Ferramenta para plaina de cabe\u00e7ote","Ferramenta para plaina de cabe\u00e7ote em S\u00e3o Paulo","Ferramenta para plaina de cabe\u00e7ote em SP","Ferramenta para plaina de cabe\u00e7ote na Cidade L\u00edder","Ferramenta para plaina de cabe\u00e7ote na zona leste","Ferramenta para plaina de cabe\u00e7ote na zona leste de S\u00e3o Paulo","Ferramenta para plaina de cabe\u00e7ote na zona leste de SP","Ferramenta para plainas de cabe\u00e7ote","Ferramenta para plainas de cabe\u00e7ote em S\u00e3o Paulo","Ferramenta para plainas de cabe\u00e7ote em SP","Ferramenta para plainas de cabe\u00e7ote na Cidade L\u00edder","Ferramenta para plainas de cabe\u00e7ote na zona leste","Ferramenta para plainas de cabe\u00e7ote na zona leste de S\u00e3o Paulo","Ferramenta para plainas de cabe\u00e7ote na zona leste de SP","Ferramentas para plaina de cabe\u00e7ote","Ferramentas para plaina de cabe\u00e7ote em S\u00e3o Paulo","Ferramentas para plaina de cabe\u00e7ote em SP","Ferramentas para plaina de cabe\u00e7ote na Cidade L\u00edder","Ferramentas para plaina de cabe\u00e7ote na zona leste","Ferramentas para plaina de cabe\u00e7ote na zona leste de S\u00e3o Paulo","Ferramentas para plaina de cabe\u00e7ote na zona leste de SP","Ferramentas para plainas de cabe\u00e7ote","Ferramentas para plainas de cabe\u00e7ote em S\u00e3o Paulo","Ferramentas para plainas de cabe\u00e7ote em SP","Ferramentas para plainas de cabe\u00e7ote na Cidade L\u00edder","Ferramentas para plainas de cabe\u00e7ote na zona leste","Ferramentas para plainas de cabe\u00e7ote na zona leste de S\u00e3o Paulo","Ferramentas para plainas de cabe\u00e7ote na zona leste de SP","Plaina","Plaina de cabe\u00e7ote","Plaina de cabe\u00e7ote em S\u00e3o Paulo","Plaina de cabe\u00e7ote em SP","Plaina de cabe\u00e7ote na Cidade L\u00edder","Plaina de cabe\u00e7ote na zona leste","Plaina de cabe\u00e7ote na zona leste de S\u00e3o Paulo","Plaina de cabe\u00e7ote na zona leste de SP","Plaina em S\u00e3o Paulo","Plaina em SP","Plaina na Cidade L\u00edder","Plaina na zona leste","Plaina na zona leste de S\u00e3o Paulo","Plaina na zona leste de SP","Plainas","Plainas de cabe\u00e7ote","Plainas de cabe\u00e7ote em S\u00e3o Paulo","Plainas de cabe\u00e7ote em SP","Plainas de cabe\u00e7ote na Cidade L\u00edder","Plainas de cabe\u00e7ote na zona leste","Plainas de cabe\u00e7ote na zona leste de S\u00e3o Paulo","Plainas de cabe\u00e7ote na zona leste de SP","Plainas em S\u00e3o Paulo","Plainas em SP","Plainas na Cidade L\u00edder","Plainas na zona leste","Plainas na zona leste de S\u00e3o Paulo","Plainas na zona leste de SP","Real Dressadores"],"articleSection":["Ferramenta para plaina de cabe\u00e7ote"],"inLanguage":"pt-BR","potentialAction":[{"@type":"CommentAction","name":"Comment","target":["https:\/\/www.realdressadores.com.br\/blog\/ferramenta-para-plaina-de-cabecote\/ferramenta-para-plaina-de-cabecote-aprenda-mais-sobre-o-tema\/#respond"]}]},{"@type":"WebPage","@id":"https:\/\/www.realdressadores.com.br\/blog\/ferramenta-para-plaina-de-cabecote\/ferramenta-para-plaina-de-cabecote-aprenda-mais-sobre-o-tema\/","url":"https:\/\/www.realdressadores.com.br\/blog\/ferramenta-para-plaina-de-cabecote\/ferramenta-para-plaina-de-cabecote-aprenda-mais-sobre-o-tema\/","name":"Ferramenta para plaina de cabe\u00e7ote: aprenda mais sobre o tema","isPartOf":{"@id":"https:\/\/www.realdressadores.com.br\/blog\/#website"},"primaryImageOfPage":{"@id":"https:\/\/www.realdressadores.com.br\/blog\/ferramenta-para-plaina-de-cabecote\/ferramenta-para-plaina-de-cabecote-aprenda-mais-sobre-o-tema\/#primaryimage"},"image":{"@id":"https:\/\/www.realdressadores.com.br\/blog\/ferramenta-para-plaina-de-cabecote\/ferramenta-para-plaina-de-cabecote-aprenda-mais-sobre-o-tema\/#primaryimage"},"thumbnailUrl":"https:\/\/www.realdressadores.com.br\/blog\/wp-content\/uploads\/2023\/06\/Modelo_-46.jpg","datePublished":"2023-06-30T19:04:17+00:00","dateModified":"2023-06-30T19:14:04+00:00","description":"Aprenda mais sobre ferramenta para plaina de cabe\u00e7ote e veja o que faz da Real Dressadores a melhor fornecedora do meio.","breadcrumb":{"@id":"https:\/\/www.realdressadores.com.br\/blog\/ferramenta-para-plaina-de-cabecote\/ferramenta-para-plaina-de-cabecote-aprenda-mais-sobre-o-tema\/#breadcrumb"},"inLanguage":"pt-BR","potentialAction":[{"@type":"ReadAction","target":["https:\/\/www.realdressadores.com.br\/blog\/ferramenta-para-plaina-de-cabecote\/ferramenta-para-plaina-de-cabecote-aprenda-mais-sobre-o-tema\/"]}]},{"@type":"ImageObject","inLanguage":"pt-BR","@id":"https:\/\/www.realdressadores.com.br\/blog\/ferramenta-para-plaina-de-cabecote\/ferramenta-para-plaina-de-cabecote-aprenda-mais-sobre-o-tema\/#primaryimage","url":"https:\/\/www.realdressadores.com.br\/blog\/wp-content\/uploads\/2023\/06\/Modelo_-46.jpg","contentUrl":"https:\/\/www.realdressadores.com.br\/blog\/wp-content\/uploads\/2023\/06\/Modelo_-46.jpg","width":515,"height":367,"caption":"Ferramenta para plaina de cabe\u00e7ote"},{"@type":"BreadcrumbList","@id":"https:\/\/www.realdressadores.com.br\/blog\/ferramenta-para-plaina-de-cabecote\/ferramenta-para-plaina-de-cabecote-aprenda-mais-sobre-o-tema\/#breadcrumb","itemListElement":[{"@type":"ListItem","position":1,"name":"In\u00edcio","item":"https:\/\/www.realdressadores.com.br\/blog\/"},{"@type":"ListItem","position":2,"name":"Ferramenta para plaina de cabe\u00e7ote: aprenda mais sobre o tema"}]},{"@type":"WebSite","@id":"https:\/\/www.realdressadores.com.br\/blog\/#website","url":"https:\/\/www.realdressadores.com.br\/blog\/","name":"Real Dressadores","description":"Blog","publisher":{"@id":"https:\/\/www.realdressadores.com.br\/blog\/#organization"},"potentialAction":[{"@type":"SearchAction","target":{"@type":"EntryPoint","urlTemplate":"https:\/\/www.realdressadores.com.br\/blog\/?s={search_term_string}"},"query-input":{"@type":"PropertyValueSpecification","valueRequired":true,"valueName":"search_term_string"}}],"inLanguage":"pt-BR"},{"@type":"Organization","@id":"https:\/\/www.realdressadores.com.br\/blog\/#organization","name":"Real Dressadores","url":"https:\/\/www.realdressadores.com.br\/blog\/","logo":{"@type":"ImageObject","inLanguage":"pt-BR","@id":"https:\/\/www.realdressadores.com.br\/blog\/#\/schema\/logo\/image\/","url":"https:\/\/www.realdressadores.com.br\/blog\/wp-content\/uploads\/2022\/02\/logo-real-dressadores.png","contentUrl":"https:\/\/www.realdressadores.com.br\/blog\/wp-content\/uploads\/2022\/02\/logo-real-dressadores.png","width":160,"height":100,"caption":"Real Dressadores"},"image":{"@id":"https:\/\/www.realdressadores.com.br\/blog\/#\/schema\/logo\/image\/"}},{"@type":"Person","@id":"https:\/\/www.realdressadores.com.br\/blog\/#\/schema\/person\/937c767a7ffa6a399f5417eff4a6b83c","name":"admin","image":{"@type":"ImageObject","inLanguage":"pt-BR","@id":"https:\/\/www.realdressadores.com.br\/blog\/#\/schema\/person\/image\/","url":"https:\/\/secure.gravatar.com\/avatar\/5259421c50b824b8ef6194b17b976560e60380c1fe5eede41fcac88a8e7bb549?s=96&d=mm&r=g","contentUrl":"https:\/\/secure.gravatar.com\/avatar\/5259421c50b824b8ef6194b17b976560e60380c1fe5eede41fcac88a8e7bb549?s=96&d=mm&r=g","caption":"admin"},"url":"https:\/\/www.realdressadores.com.br\/blog\/author\/admin\/"}]}},"_links":{"self":[{"href":"https:\/\/www.realdressadores.com.br\/blog\/wp-json\/wp\/v2\/posts\/194","targetHints":{"allow":["GET"]}}],"collection":[{"href":"https:\/\/www.realdressadores.com.br\/blog\/wp-json\/wp\/v2\/posts"}],"about":[{"href":"https:\/\/www.realdressadores.com.br\/blog\/wp-json\/wp\/v2\/types\/post"}],"author":[{"embeddable":true,"href":"https:\/\/www.realdressadores.com.br\/blog\/wp-json\/wp\/v2\/users\/1"}],"replies":[{"embeddable":true,"href":"https:\/\/www.realdressadores.com.br\/blog\/wp-json\/wp\/v2\/comments?post=194"}],"version-history":[{"count":1,"href":"https:\/\/www.realdressadores.com.br\/blog\/wp-json\/wp\/v2\/posts\/194\/revisions"}],"predecessor-version":[{"id":196,"href":"https:\/\/www.realdressadores.com.br\/blog\/wp-json\/wp\/v2\/posts\/194\/revisions\/196"}],"wp:featuredmedia":[{"embeddable":true,"href":"https:\/\/www.realdressadores.com.br\/blog\/wp-json\/wp\/v2\/media\/195"}],"wp:attachment":[{"href":"https:\/\/www.realdressadores.com.br\/blog\/wp-json\/wp\/v2\/media?parent=194"}],"wp:term":[{"taxonomy":"category","embeddable":true,"href":"https:\/\/www.realdressadores.com.br\/blog\/wp-json\/wp\/v2\/categories?post=194"},{"taxonomy":"post_tag","embeddable":true,"href":"https:\/\/www.realdressadores.com.br\/blog\/wp-json\/wp\/v2\/tags?post=194"}],"curies":[{"name":"wp","href":"https:\/\/api.w.org\/{rel}","templated":true}]}}